{"id":209,"date":"2026-04-27T17:00:23","date_gmt":"2026-04-27T15:00:23","guid":{"rendered":"https:\/\/www.thefamilybike.fr\/blog\/?p=209"},"modified":"2026-04-27T17:00:25","modified_gmt":"2026-04-27T15:00:25","slug":"the-family-bike-agence-de-sejours-a-velo-cles-en-main-dans-le-sud-ouest","status":"publish","type":"post","link":"https:\/\/www.thefamilybike.fr\/blog\/2026\/04\/27\/the-family-bike-agence-de-sejours-a-velo-cles-en-main-dans-le-sud-ouest\/","title":{"rendered":"Sp\u00e9cialiste de s\u00e9jours \u00e0 v\u00e9lo cl\u00e9s en main dans le Sud-Ouest"},"content":{"rendered":"\t\t<div data-elementor-type=\"wp-post\" data-elementor-id=\"209\" class=\"elementor elementor-209\">\n\t\t\t\t<div class=\"elementor-element elementor-element-c97b729 e-flex e-con-boxed e-con e-parent\" data-id=\"c97b729\" data-element_type=\"container\" data-e-type=\"container\">\n\t\t\t\t\t<div class=\"e-con-inner\">\n\t\t\t\t<div class=\"elementor-element elementor-element-dab9ef8 elementor-widget elementor-widget-text-editor\" data-id=\"dab9ef8\" data-element_type=\"widget\" data-e-type=\"widget\" data-widget_type=\"text-editor.default\">\n\t\t\t\t<div class=\"elementor-widget-container\">\n\t\t\t\t\t\t\t\t\t<p><span style=\"font-weight: 400;\">Si vous r\u00eavez de <\/span><b>voyager \u00e0 v\u00e9lo<\/b><span style=\"font-weight: 400;\"> sans vous soucier de la logistique, <\/span><a href=\"https:\/\/www.thefamilybike.fr\/\"><b>The Family Bike<\/b><\/a><span style=\"font-weight: 400;\"> est l\u2019agence qu\u2019il vous faut. Bas\u00e9e dans le Sud-Ouest de la France, notre mission est simple : vous offrir des <\/span><a href=\"https:\/\/www.thefamilybike.fr\/sejour-velo-cle-en-main\"><b>s\u00e9jours \u00e0 v\u00e9lo cl\u00e9s en main<\/b><\/a><span style=\"font-weight: 400;\"> pour que vos vacances deviennent un vrai plaisir, du d\u00e9part \u00e0 l\u2019arriv\u00e9e.<\/span><\/p><p><span style=\"font-weight: 400;\">Que vous soyez une famille, un couple ou un groupe d\u2019amis, nous organisons des <\/span><b>voyages \u00e0 v\u00e9lo organis\u00e9s<\/b><span style=\"font-weight: 400;\"> sur mesure, avec <\/span><b>circuits v\u00e9lo avec h\u00e9bergement<\/b><span style=\"font-weight: 400;\"> et <\/span><b>transport de bagages<\/b><span style=\"font-weight: 400;\">, pour vous permettre de p\u00e9daler l\u2019esprit l\u00e9ger et de profiter pleinement des paysages et de la culture du Sud-Ouest.<\/span><\/p>\t\t\t\t\t\t\t\t<\/div>\n\t\t\t\t<\/div>\n\t\t\t\t\t<\/div>\n\t\t\t\t<\/div>\n\t\t<div class=\"elementor-element elementor-element-5165365 e-flex e-con-boxed e-con e-parent\" data-id=\"5165365\" data-element_type=\"container\" data-e-type=\"container\">\n\t\t\t\t\t<div class=\"e-con-inner\">\n\t\t\t\t<div class=\"elementor-element elementor-element-b2f5d70 elementor-widget elementor-widget-heading\" data-id=\"b2f5d70\" data-element_type=\"widget\" data-e-type=\"widget\" data-widget_type=\"heading.default\">\n\t\t\t\t<div class=\"elementor-widget-container\">\n\t\t\t\t\t<h2 class=\"elementor-heading-title elementor-size-default\">S\u00e9jours \u00e0 v\u00e9lo cl\u00e9s en main en France sans stress<\/h2>\t\t\t\t<\/div>\n\t\t\t\t<\/div>\n\t\t\t\t\t<\/div>\n\t\t\t\t<\/div>\n\t\t<div class=\"elementor-element elementor-element-d305664 e-flex e-con-boxed e-con e-parent\" data-id=\"d305664\" data-element_type=\"container\" data-e-type=\"container\">\n\t\t\t\t\t<div class=\"e-con-inner\">\n\t\t\t\t<div class=\"elementor-element elementor-element-251fad2 elementor-widget elementor-widget-text-editor\" data-id=\"251fad2\" data-element_type=\"widget\" data-e-type=\"widget\" data-widget_type=\"text-editor.default\">\n\t\t\t\t<div class=\"elementor-widget-container\">\n\t\t\t\t\t\t\t\t\t<p><span style=\"font-weight: 400;\">Organiser un <\/span><b>tour \u00e0 v\u00e9lo<\/b><span style=\"font-weight: 400;\"> peut \u00eatre complexe : planification des itin\u00e9raires, r\u00e9servation des h\u00e9bergements, transport des bagages, et bien s\u00fbr, choisir les routes adapt\u00e9es \u00e0 votre niveau. Avec <\/span><a href=\"https:\/\/www.thefamilybike.fr\/sejour-velo-cle-en-main\"><b>The Family Bike<\/b><\/a><span style=\"font-weight: 400;\">, tout est pris en charge :<\/span><\/p><ul><li style=\"font-weight: 400;\" aria-level=\"1\"><span style=\"font-weight: 400;\">Des itin\u00e9raires test\u00e9s et s\u00e9curis\u00e9s<\/span><\/li><li style=\"font-weight: 400;\" aria-level=\"1\"><span style=\"font-weight: 400;\">Des h\u00e9bergements confortables s\u00e9lectionn\u00e9s pour les cyclistes<\/span><\/li><li style=\"font-weight: 400;\" aria-level=\"1\"><span style=\"font-weight: 400;\">Des adresse p\u00e9pites de restaurants, points d\u2019int\u00e9r\u00eats et d\u2019activit\u00e9s<\/span><\/li><li style=\"font-weight: 400;\" aria-level=\"1\"><span style=\"font-weight: 400;\">Transport de vos bagages d\u2019\u00e9tape en \u00e9tape ou sacoches de voyage avant et arri\u00e8re<\/span><\/li><li style=\"font-weight: 400;\" aria-level=\"1\"><span style=\"font-weight: 400;\">Assistance et conseils avant et pendant le voyage<\/span><\/li><\/ul><p><span style=\"font-weight: 400;\">R\u00e9sultat : vous p\u00e9dalez uniquement avec vos affaires de la journ\u00e9e et profitez de chaque moment. C\u2019est la garantie de <\/span><b>vacances \u00e0 v\u00e9lo en France<\/b><span style=\"font-weight: 400;\"> inoubliables, en toute s\u00e9r\u00e9nit\u00e9.<\/span><\/p>\t\t\t\t\t\t\t\t<\/div>\n\t\t\t\t<\/div>\n\t\t\t\t<div class=\"elementor-element elementor-element-b798282 elementor-widget elementor-widget-image\" data-id=\"b798282\" data-element_type=\"widget\" data-e-type=\"widget\" data-widget_type=\"image.default\">\n\t\t\t\t<div class=\"elementor-widget-container\">\n\t\t\t\t\t\t\t\t\t\t\t\t\t\t\t<img fetchpriority=\"high\" decoding=\"async\" width=\"780\" height=\"606\" src=\"https:\/\/www.thefamilybike.fr\/blog\/wp-content\/uploads\/2026\/04\/The-Family-Bike-couple-voyageant-a-velo-dans-les-Landes-2-2-1024x796.webp\" class=\"attachment-large size-large wp-image-219\" alt=\"S\u00e9jours \u00e0 v\u00e9lo cl\u00e9s en main - Agence de voyage \u00e0 v\u00e9lo - The Family Bike\" srcset=\"https:\/\/www.thefamilybike.fr\/blog\/wp-content\/uploads\/2026\/04\/The-Family-Bike-couple-voyageant-a-velo-dans-les-Landes-2-2-1024x796.webp 1024w, https:\/\/www.thefamilybike.fr\/blog\/wp-content\/uploads\/2026\/04\/The-Family-Bike-couple-voyageant-a-velo-dans-les-Landes-2-2-300x233.webp 300w, https:\/\/www.thefamilybike.fr\/blog\/wp-content\/uploads\/2026\/04\/The-Family-Bike-couple-voyageant-a-velo-dans-les-Landes-2-2-768x597.webp 768w, https:\/\/www.thefamilybike.fr\/blog\/wp-content\/uploads\/2026\/04\/The-Family-Bike-couple-voyageant-a-velo-dans-les-Landes-2-2-1536x1195.webp 1536w, https:\/\/www.thefamilybike.fr\/blog\/wp-content\/uploads\/2026\/04\/The-Family-Bike-couple-voyageant-a-velo-dans-les-Landes-2-2-2048x1593.webp 2048w\" sizes=\"(max-width: 780px) 100vw, 780px\" \/>\t\t\t\t\t\t\t\t\t\t\t\t\t\t\t<\/div>\n\t\t\t\t<\/div>\n\t\t\t\t\t<\/div>\n\t\t\t\t<\/div>\n\t\t<div class=\"elementor-element elementor-element-efc3bd8 e-flex e-con-boxed e-con e-parent\" data-id=\"efc3bd8\" data-element_type=\"container\" data-e-type=\"container\">\n\t\t\t\t\t<div class=\"e-con-inner\">\n\t\t\t\t<div class=\"elementor-element elementor-element-686e0dc elementor-widget elementor-widget-heading\" data-id=\"686e0dc\" data-element_type=\"widget\" data-e-type=\"widget\" data-widget_type=\"heading.default\">\n\t\t\t\t<div class=\"elementor-widget-container\">\n\t\t\t\t\t<h2 class=\"elementor-heading-title elementor-size-default\">Des s\u00e9jours \u00e0 v\u00e9lo cl\u00e9s en main adapt\u00e9s \u00e0 tous les profils<\/h2>\t\t\t\t<\/div>\n\t\t\t\t<\/div>\n\t\t\t\t\t<\/div>\n\t\t\t\t<\/div>\n\t\t<div class=\"elementor-element elementor-element-f2ed9ac e-flex e-con-boxed e-con e-parent\" data-id=\"f2ed9ac\" data-element_type=\"container\" data-e-type=\"container\">\n\t\t\t\t\t<div class=\"e-con-inner\">\n\t\t\t\t<div class=\"elementor-element elementor-element-55c708b elementor-widget elementor-widget-text-editor\" data-id=\"55c708b\" data-element_type=\"widget\" data-e-type=\"widget\" data-widget_type=\"text-editor.default\">\n\t\t\t\t<div class=\"elementor-widget-container\">\n\t\t\t\t\t\t\t\t\t<p><span style=\"font-weight: 400;\">Nous proposons des <b>s\u00e9jours\u00a0<\/b><\/span><b>\u00e0 v\u00e9lo organis\u00e9s<\/b><span style=\"font-weight: 400;\"> pour tous les types de cyclistes :<\/span><\/p><ul><li style=\"font-weight: 400;\" aria-level=\"1\"><b>Familles<\/b><span style=\"font-weight: 400;\"> : des itin\u00e9raires s\u00e9curis\u00e9s et accessibles pour les enfants<\/span><\/li><li style=\"font-weight: 400;\" aria-level=\"1\"><b>Couples et amis<\/b><span style=\"font-weight: 400;\"> : des circuits romantiques ou immersifs au c\u0153ur de la nature<\/span><\/li><li style=\"font-weight: 400;\" aria-level=\"1\"><b>Amateurs de sport et de nature<\/b><span style=\"font-weight: 400;\"> : des parcours vari\u00e9s entre l\u2019oc\u00e9an, les for\u00eats et les villages typiques du Sud-Ouest<\/span><\/li><\/ul><p><span style=\"font-weight: 400;\">Chaque \u00e9tape est pens\u00e9e pour que vous puissiez profiter des paysages et de la gastronomie locale sans vous soucier du reste. En choisissant <\/span><a href=\"https:\/\/www.thefamilybike.fr\/sejour-velo-cle-en-main\"><b>The Family Bike<\/b><\/a><span style=\"font-weight: 400;\">, vous partez <\/span><b>l\u2019esprit l\u00e9ger<\/b><span style=\"font-weight: 400;\"> et profitez pleinement de votre aventure.<\/span><\/p>\t\t\t\t\t\t\t\t<\/div>\n\t\t\t\t<\/div>\n\t\t\t\t\t<\/div>\n\t\t\t\t<\/div>\n\t\t<div class=\"elementor-element elementor-element-4e56983 e-flex e-con-boxed e-con e-parent\" data-id=\"4e56983\" data-element_type=\"container\" data-e-type=\"container\">\n\t\t\t\t\t<div class=\"e-con-inner\">\n\t\t\t\t<div class=\"elementor-element elementor-element-51490c4 elementor-widget elementor-widget-heading\" data-id=\"51490c4\" data-element_type=\"widget\" data-e-type=\"widget\" data-widget_type=\"heading.default\">\n\t\t\t\t<div class=\"elementor-widget-container\">\n\t\t\t\t\t<h2 class=\"elementor-heading-title elementor-size-default\">Pourquoi choisir The Family Bike ?<\/h2>\t\t\t\t<\/div>\n\t\t\t\t<\/div>\n\t\t\t\t\t<\/div>\n\t\t\t\t<\/div>\n\t\t<div class=\"elementor-element elementor-element-514d15e e-flex e-con-boxed e-con e-parent\" data-id=\"514d15e\" data-element_type=\"container\" data-e-type=\"container\">\n\t\t\t\t\t<div class=\"e-con-inner\">\n\t\t\t\t<div class=\"elementor-element elementor-element-8acc573 elementor-widget elementor-widget-text-editor\" data-id=\"8acc573\" data-element_type=\"widget\" data-e-type=\"widget\" data-widget_type=\"text-editor.default\">\n\t\t\t\t<div class=\"elementor-widget-container\">\n\t\t\t\t\t\t\t\t\t<p><span style=\"font-weight: 400;\">Avec notre agence de voyage \u00e0 v\u00e9lo, vous b\u00e9n\u00e9ficiez de nombreux avantages :<\/span><\/p><ol><li style=\"font-weight: 400;\" aria-level=\"1\"><b>Organisation compl\u00e8te<\/b><span style=\"font-weight: 400;\"> : itin\u00e9raire, h\u00e9bergements et transport des bagages inclus<\/span><\/li><li style=\"font-weight: 400;\" aria-level=\"1\"><b>Flexibilit\u00e9<\/b><span style=\"font-weight: 400;\"> : circuits modulables selon vos envies et votre niveau<\/span><\/li><li style=\"font-weight: 400;\" aria-level=\"1\"><b>Expertise locale<\/b><span style=\"font-weight: 400;\"> : conseils personnalis\u00e9s et d\u00e9couvertes authentiques du Sud-Ouest<\/span><\/li><li style=\"font-weight: 400;\" aria-level=\"1\"><b>Voyager l\u00e9ger<\/b><span style=\"font-weight: 400;\"> : p\u00e9dalez uniquement avec vos affaires de la journ\u00e9e<\/span><\/li><\/ol><p><span style=\"font-weight: 400;\">Que vous souhaitiez un <\/span><b>circuit v\u00e9lo avec h\u00e9bergement<\/b><span style=\"font-weight: 400;\"> le long de la V\u00e9lodyss\u00e9e, une <\/span><a href=\"https:\/\/www.thefamilybike.fr\/fr\/sejour-velo-cle-en-main\/voyage-velo-10j-pays-basque-scandiberique-velodyssee\"><b>travers\u00e9e du Pays Basque \u00e0 v\u00e9lo<\/b><\/a><span style=\"font-weight: 400;\">, ou un itin\u00e9raire sur mesure dans les Landes ou le Lot-et-Garonne, nous faisons de votre voyage une exp\u00e9rience simple et m\u00e9morable.<\/span><\/p>\t\t\t\t\t\t\t\t<\/div>\n\t\t\t\t<\/div>\n\t\t\t\t\t<\/div>\n\t\t\t\t<\/div>\n\t\t<div class=\"elementor-element elementor-element-b9f96cf e-flex e-con-boxed e-con e-parent\" data-id=\"b9f96cf\" data-element_type=\"container\" data-e-type=\"container\">\n\t\t\t\t\t<div class=\"e-con-inner\">\n\t\t\t\t<div class=\"elementor-element elementor-element-bcb798f elementor-widget elementor-widget-heading\" data-id=\"bcb798f\" data-element_type=\"widget\" data-e-type=\"widget\" data-widget_type=\"heading.default\">\n\t\t\t\t<div class=\"elementor-widget-container\">\n\t\t\t\t\t<h2 class=\"elementor-heading-title elementor-size-default\">En conclusion : partez l\u2019esprit l\u00e9ger<\/h2>\t\t\t\t<\/div>\n\t\t\t\t<\/div>\n\t\t\t\t\t<\/div>\n\t\t\t\t<\/div>\n\t\t<div class=\"elementor-element elementor-element-eb72e95 e-flex e-con-boxed e-con e-parent\" data-id=\"eb72e95\" data-element_type=\"container\" data-e-type=\"container\">\n\t\t\t\t\t<div class=\"e-con-inner\">\n\t\t\t\t<div class=\"elementor-element elementor-element-1d0e9e8 elementor-widget elementor-widget-text-editor\" data-id=\"1d0e9e8\" data-element_type=\"widget\" data-e-type=\"widget\" data-widget_type=\"text-editor.default\">\n\t\t\t\t<div class=\"elementor-widget-container\">\n\t\t\t\t\t\t\t\t\t<p><span style=\"font-weight: 400;\">Avec <\/span><a href=\"https:\/\/www.thefamilybike.fr\/\"><b>The Family Bike<\/b><\/a><span style=\"font-weight: 400;\">, vous d\u00e9couvrez le Sud-Ouest \u00e0 v\u00e9lo comme jamais auparavant. Nos <\/span><a href=\"https:\/\/www.thefamilybike.fr\/sejour-velo-cle-en-main\"><b>s\u00e9jours \u00e0 v\u00e9lo cl\u00e9 en main<\/b><\/a><span style=\"font-weight: 400;\"> et nos <\/span><b>voyages \u00e0 v\u00e9lo organis\u00e9s<\/b><span style=\"font-weight: 400;\"> vous permettent de vous concentrer sur le plaisir de p\u00e9daler, de d\u00e9couvrir et de profiter de chaque \u00e9tape.<\/span><\/p><p><span style=\"font-weight: 400;\"><img decoding=\"async\" class=\"emoji\" role=\"img\" draggable=\"false\" src=\"https:\/\/s.w.org\/images\/core\/emoji\/17.0.2\/svg\/1f33f.svg\" alt=\"\ud83c\udf3f\" \/> Si vous r\u00eavez de <\/span><b>vacances \u00e0 v\u00e9lo en France<\/b><span style=\"font-weight: 400;\"> sans contraintes, de <\/span><b>tour \u00e0 v\u00e9lo avec transport de bagages<\/b><span style=\"font-weight: 400;\"> et de moments authentiques, rendez-vous sur <\/span><b>The Family Bike<\/b><span style=\"font-weight: 400;\"> pour pr\u00e9parer votre prochaine aventure.<\/span><\/p><p>D\u00e9couvrez un peu plus les s\u00e9jours \u00e0 v\u00e9lo cl\u00e9s en main avec <a href=\"https:\/\/www.francevelotourisme.com\/conseils\/sejours-velo-cle-en-main\">France tourisme<\/a>.<\/p><p><span style=\"font-weight: 400;\"><img decoding=\"async\" class=\"emoji\" role=\"img\" draggable=\"false\" src=\"https:\/\/s.w.org\/images\/core\/emoji\/17.0.2\/svg\/1f6b4-200d-2642-fe0f.svg\" alt=\"\ud83d\udeb4\u200d\u2642\ufe0f\" \/> Votre v\u00e9lo, vos envies\u2026 le reste, c\u2019est nous !<\/span><\/p>\t\t\t\t\t\t\t\t<\/div>\n\t\t\t\t<\/div>\n\t\t\t\t\t<\/div>\n\t\t\t\t<\/div>\n\t\t\t\t<\/div>\n\t\t","protected":false},"excerpt":{"rendered":"<p>Si vous r\u00eavez de voyager \u00e0 v\u00e9lo sans vous soucier de la logistique, The Family Bike est l\u2019agence qu\u2019il vous faut. Bas\u00e9e dans le Sud-Ouest de la France, notre mission est simple : vous offrir des s\u00e9jours \u00e0 v\u00e9lo cl\u00e9s en main pour que vos vacances deviennent un vrai plaisir, du d\u00e9part \u00e0 l\u2019arriv\u00e9e. Que &hellip; <\/p>\n","protected":false},"author":1,"featured_media":218,"comment_status":"open","ping_status":"open","sticky":false,"template":"","format":"standard","meta":{"om_disable_all_campaigns":false,"_monsterinsights_skip_tracking":false,"_monsterinsights_sitenote_active":false,"_monsterinsights_sitenote_note":"","_monsterinsights_sitenote_category":0,"footnotes":""},"categories":[1],"tags":[],"class_list":["post-209","post","type-post","status-publish","format-standard","has-post-thumbnail","hentry","category-non-classe"],"aioseo_notices":[],"_links":{"self":[{"href":"https:\/\/www.thefamilybike.fr\/blog\/wp-json\/wp\/v2\/posts\/209","targetHints":{"allow":["GET"]}}],"collection":[{"href":"https:\/\/www.thefamilybike.fr\/blog\/wp-json\/wp\/v2\/posts"}],"about":[{"href":"https:\/\/www.thefamilybike.fr\/blog\/wp-json\/wp\/v2\/types\/post"}],"author":[{"embeddable":true,"href":"https:\/\/www.thefamilybike.fr\/blog\/wp-json\/wp\/v2\/users\/1"}],"replies":[{"embeddable":true,"href":"https:\/\/www.thefamilybike.fr\/blog\/wp-json\/wp\/v2\/comments?post=209"}],"version-history":[{"count":11,"href":"https:\/\/www.thefamilybike.fr\/blog\/wp-json\/wp\/v2\/posts\/209\/revisions"}],"predecessor-version":[{"id":223,"href":"https:\/\/www.thefamilybike.fr\/blog\/wp-json\/wp\/v2\/posts\/209\/revisions\/223"}],"wp:featuredmedia":[{"embeddable":true,"href":"https:\/\/www.thefamilybike.fr\/blog\/wp-json\/wp\/v2\/media\/218"}],"wp:attachment":[{"href":"https:\/\/www.thefamilybike.fr\/blog\/wp-json\/wp\/v2\/media?parent=209"}],"wp:term":[{"taxonomy":"category","embeddable":true,"href":"https:\/\/www.thefamilybike.fr\/blog\/wp-json\/wp\/v2\/categories?post=209"},{"taxonomy":"post_tag","embeddable":true,"href":"https:\/\/www.thefamilybike.fr\/blog\/wp-json\/wp\/v2\/tags?post=209"}],"curies":[{"name":"wp","href":"https:\/\/api.w.org\/{rel}","templated":true}]}}