{"id":183,"date":"2026-04-23T18:11:06","date_gmt":"2026-04-23T16:11:06","guid":{"rendered":"https:\/\/www.thefamilybike.fr\/blog\/?p=183"},"modified":"2026-04-23T18:15:08","modified_gmt":"2026-04-23T16:15:08","slug":"voyage-a-velo-dans-le-pays-basque-decouvrez-mon-recit","status":"publish","type":"post","link":"https:\/\/www.thefamilybike.fr\/blog\/2026\/04\/23\/voyage-a-velo-dans-le-pays-basque-decouvrez-mon-recit\/","title":{"rendered":"Voyage \u00e0 v\u00e9lo dans le Pays Basque : D\u00e9couvrez mon r\u00e9cit"},"content":{"rendered":"\t\t<div data-elementor-type=\"wp-post\" data-elementor-id=\"183\" class=\"elementor elementor-183\">\n\t\t\t\t<div class=\"elementor-element elementor-element-9fc4123 e-flex e-con-boxed e-con e-parent\" data-id=\"9fc4123\" data-element_type=\"container\" data-e-type=\"container\">\n\t\t\t\t\t<div class=\"e-con-inner\">\n\t\t\t\t<div class=\"elementor-element elementor-element-e2a122d elementor-widget elementor-widget-text-editor\" data-id=\"e2a122d\" data-element_type=\"widget\" data-e-type=\"widget\" data-widget_type=\"text-editor.default\">\n\t\t\t\t<div class=\"elementor-widget-container\">\n\t\t\t\t\t\t\t\t\t<p><span style=\"font-weight: 400;\">Chez The Family Bike, on a une r\u00e8gle d&rsquo;or : on ne vous propose que ce que l&rsquo;on a test\u00e9 et approuv\u00e9 ! Apr\u00e8s une fantastique<\/span><a href=\"https:\/\/www.thefamilybike.fr\/fr\/sejour-velo-cle-en-main\/Le-Pays-de-Adour-et-du-Kiwi-a-velo-Escapade-Gourmande-dans-les-Landes-3-jours\"> <span style=\"font-weight: 400;\">escapade gourmande de 3 jours dans les Landes<\/span><\/a><span style=\"font-weight: 400;\"> avec No\u00e9mie (la cofondatrice de l&rsquo;agence), j&rsquo;ai eu envie de passer \u00e0 la vitesse sup\u00e9rieure.<br \/><\/span>L&rsquo;objectif ? Tester grandeur nature notre futur <b>s\u00e9jour \u00e0 v\u00e9lo cl\u00e9 en main<\/b> : un <b>voyage \u00e0 v\u00e9lo dans le Pays Basque<\/b> sur 10 jours, avec 280 km au compteur et 2700 m de d\u00e9nivel\u00e9 positif !\u00a0<\/p><p>Je suis donc parti avec Beno\u00eet, l&rsquo;un de mes meilleurs amis, pour vivre cette aventure exactement comme nous la vendons. Nous avons enfourch\u00e9 nos v\u00e9los musculaires (les fameux Riverside ACTV 500 de chez Decathlon que nous proposons \u00e0 la location), charg\u00e9 nos sacoches, et c&rsquo;\u00e9tait parti !<\/p><p><span style=\"font-weight: 400;\">Si je devais r\u00e9sumer ce <\/span><b>voyage \u00e0 v\u00e9lo dans le Pays Basque<\/b><span style=\"font-weight: 400;\"> en trois mots ? <\/span><b>Lent, surprenant et magique.<\/b><\/p>\t\t\t\t\t\t\t\t<\/div>\n\t\t\t\t<\/div>\n\t\t\t\t<div class=\"elementor-element elementor-element-0a755c9 elementor-widget elementor-widget-video\" data-id=\"0a755c9\" data-element_type=\"widget\" data-e-type=\"widget\" data-settings=\"{&quot;youtube_url&quot;:&quot;https:\\\/\\\/www.youtube.com\\\/watch?v=tLN90sBOAOo&quot;,&quot;video_type&quot;:&quot;youtube&quot;,&quot;controls&quot;:&quot;yes&quot;}\" data-widget_type=\"video.default\">\n\t\t\t\t<div class=\"elementor-widget-container\">\n\t\t\t\t\t\t\t<div class=\"elementor-wrapper elementor-open-inline\">\n\t\t\t<div class=\"elementor-video\"><\/div>\t\t<\/div>\n\t\t\t\t\t\t<\/div>\n\t\t\t\t<\/div>\n\t\t\t\t\t<\/div>\n\t\t\t\t<\/div>\n\t\t<div class=\"elementor-element elementor-element-2500260 e-flex e-con-boxed e-con e-parent\" data-id=\"2500260\" data-element_type=\"container\" data-e-type=\"container\">\n\t\t\t\t\t<div class=\"e-con-inner\">\n\t\t\t\t<div class=\"elementor-element elementor-element-ade5750 elementor-widget elementor-widget-heading\" data-id=\"ade5750\" data-element_type=\"widget\" data-e-type=\"widget\" data-widget_type=\"heading.default\">\n\t\t\t\t<div class=\"elementor-widget-container\">\n\t\t\t\t\t<h2 class=\"elementor-heading-title elementor-size-default\">Voyage \u00e0 v\u00e9lo dans le Pays Basque : De la V\u00e9lodyss\u00e9e \u00e0 la Scandib\u00e9rique<\/h2>\t\t\t\t<\/div>\n\t\t\t\t<\/div>\n\t\t\t\t\t<\/div>\n\t\t\t\t<\/div>\n\t\t<div class=\"elementor-element elementor-element-59a5084 e-flex e-con-boxed e-con e-parent\" data-id=\"59a5084\" data-element_type=\"container\" data-e-type=\"container\">\n\t\t\t\t\t<div class=\"e-con-inner\">\n\t\t\t\t<div class=\"elementor-element elementor-element-f211ed2 elementor-widget elementor-widget-text-editor\" data-id=\"f211ed2\" data-element_type=\"widget\" data-e-type=\"widget\" data-widget_type=\"text-editor.default\">\n\t\t\t\t<div class=\"elementor-widget-container\">\n\t\t\t\t\t\t\t\t\t<p><span style=\"font-weight: 400;\">Si la partie c\u00f4ti\u00e8re sur la V\u00e9lodyss\u00e9e offre des panoramas \u00e9poustouflants sur l&rsquo;oc\u00e9an, je dois avouer que la partie sur la Scandib\u00e9rique, \u00e0 l&rsquo;int\u00e9rieur des terres, a \u00e9t\u00e9 une claque absolue. Les paysages changent \u00e0 une vitesse folle ! On passe des magnifiques pistes cyclables sauvages sur les bords de l&rsquo;Adour aux premiers contreforts des Pyr\u00e9n\u00e9es autour de Saint-Palais.<\/span><\/p><p><span style=\"font-weight: 400;\">Mon coup de c\u0153ur absolu ? <\/span><b>L&rsquo;\u00e9tape entre Saint-Jean-Pied-de-Port et Bidarray.<\/b><span style=\"font-weight: 400;\"> Les villages basques que l&rsquo;on traverse ont tous une \u00e2me incroyable et une culture forte. Et surtout, je n&rsquo;ai jamais fait autant de belles rencontres que pendant ces 10 jours de vacances. Le v\u00e9lo brise la glace instantan\u00e9ment !<\/span><\/p>\t\t\t\t\t\t\t\t<\/div>\n\t\t\t\t<\/div>\n\t\t\t\t\t<\/div>\n\t\t\t\t<\/div>\n\t\t<div class=\"elementor-element elementor-element-6ca8030 e-flex e-con-boxed e-con e-parent\" data-id=\"6ca8030\" data-element_type=\"container\" data-e-type=\"container\">\n\t\t\t\t\t<div class=\"e-con-inner\">\n\t\t\t\t<div class=\"elementor-element elementor-element-c88df66 elementor-widget elementor-widget-heading\" data-id=\"c88df66\" data-element_type=\"widget\" data-e-type=\"widget\" data-widget_type=\"heading.default\">\n\t\t\t\t<div class=\"elementor-widget-container\">\n\t\t\t\t\t<h2 class=\"elementor-heading-title elementor-size-default\">Le parcours est-il difficile avec 2700m de d\u00e9nivel\u00e9 ?<\/h2>\t\t\t\t<\/div>\n\t\t\t\t<\/div>\n\t\t\t\t\t<\/div>\n\t\t\t\t<\/div>\n\t\t<div class=\"elementor-element elementor-element-40a4341 e-flex e-con-boxed e-con e-parent\" data-id=\"40a4341\" data-element_type=\"container\" data-e-type=\"container\">\n\t\t\t\t\t<div class=\"e-con-inner\">\n\t\t\t\t<div class=\"elementor-element elementor-element-360ba29 elementor-widget elementor-widget-text-editor\" data-id=\"360ba29\" data-element_type=\"widget\" data-e-type=\"widget\" data-widget_type=\"text-editor.default\">\n\t\t\t\t<div class=\"elementor-widget-container\">\n\t\t\t\t\t\t\t\t\t<p><span style=\"font-weight: 400;\">C\u2019est souvent LA question qui revient : est-ce que \u00e7a grimpe trop ? Pour \u00eatre totalement transparent, en tant que cyclistes amateurs en bonne forme physique, nous avons trouv\u00e9 cela relativement facile.<\/span><\/p><p><span style=\"font-weight: 400;\">Le secret pour un <\/span><b>voyage \u00e0 v\u00e9lo dans le Pays Basque<\/b><span style=\"font-weight: 400;\"> r\u00e9ussi, c&rsquo;est d&rsquo;y aller \u00e0 son rythme. L&rsquo;itin\u00e9raire est hyper s\u00e9curisant et tr\u00e8s bien pens\u00e9 : nous avons roul\u00e9 sur plus de <\/span><b>85% de pistes cyclables<\/b><span style=\"font-weight: 400;\"> ou de voies vertes ! M\u00eame charg\u00e9 avec des sacoches, le parcours reste accessible \u00e0 tous \u00e0 condition de prendre le temps de respirer, d&rsquo;admirer la vue et de faire des pauses r\u00e9guli\u00e8res.<\/span><\/p>\t\t\t\t\t\t\t\t<\/div>\n\t\t\t\t<\/div>\n\t\t\t\t\t<\/div>\n\t\t\t\t<\/div>\n\t\t<div class=\"elementor-element elementor-element-e71395b e-flex e-con-boxed e-con e-parent\" data-id=\"e71395b\" data-element_type=\"container\" data-e-type=\"container\">\n\t\t\t\t\t<div class=\"e-con-inner\">\n\t\t\t\t<div class=\"elementor-element elementor-element-9e3d42b elementor-widget elementor-widget-heading\" data-id=\"9e3d42b\" data-element_type=\"widget\" data-e-type=\"widget\" data-widget_type=\"heading.default\">\n\t\t\t\t<div class=\"elementor-widget-container\">\n\t\t\t\t\t<h2 class=\"elementor-heading-title elementor-size-default\">Les p\u00e9pites locales de notre voyage \u00e0 v\u00e9lo dans le Pays Basque : h\u00e9bergements et gastronomie basque<\/h2>\t\t\t\t<\/div>\n\t\t\t\t<\/div>\n\t\t\t\t\t<\/div>\n\t\t\t\t<\/div>\n\t\t<div class=\"elementor-element elementor-element-33ed800 e-flex e-con-boxed e-con e-parent\" data-id=\"33ed800\" data-element_type=\"container\" data-e-type=\"container\">\n\t\t\t\t\t<div class=\"e-con-inner\">\n\t\t\t\t<div class=\"elementor-element elementor-element-cf4ab03 elementor-widget elementor-widget-text-editor\" data-id=\"cf4ab03\" data-element_type=\"widget\" data-e-type=\"widget\" data-widget_type=\"text-editor.default\">\n\t\t\t\t<div class=\"elementor-widget-container\">\n\t\t\t\t\t\t\t\t\t<p><span style=\"font-weight: 400;\">L&rsquo;effort, c&rsquo;est bien, mais le r\u00e9confort, c&rsquo;est encore mieux ! Comment faire un voyage \u00e0 v\u00e9lo dans le Pays Basque sans parler de nos p\u00e9pites ! C\u00f4t\u00e9 h\u00e9bergements, nous avons jou\u00e9 les clients myst\u00e8res en dormant chez nos partenaires. Attendez-vous \u00e0 vivre des moments uniques :<\/span><\/p><ul><li style=\"font-weight: 400;\" aria-level=\"1\"><b>La vie de ch\u00e2teau \u00e0 Hastingues :<\/b><span style=\"font-weight: 400;\"> D\u00e8s la premi\u00e8re nuit, nous avons \u00e9t\u00e9 accueillis par des ch\u00e2telains passionn\u00e9s qui ont accompli un travail de r\u00e9novation titanesque. Un d\u00e9marrage royal !<\/span><\/li><li style=\"font-weight: 400;\" aria-level=\"1\"><b>L&rsquo;\u00e9tape gastronomique \u00e0 Saint-Palais :<\/b><span style=\"font-weight: 400;\"> Nous avons pass\u00e9 la nuit dans un superbe g\u00eete tenu par un couple de sourds-muets extr\u00eamement touchant. Ils nous ont pr\u00e9par\u00e9 un d\u00eener digne d&rsquo;un restaurant \u00e9toil\u00e9 et un petit-d\u00e9jeuner de comp\u00e9tition pour affronter la journ\u00e9e.<\/span><\/li><li style=\"font-weight: 400;\" aria-level=\"1\"><b>Le panorama 5 \u00e9toiles :<\/b><span style=\"font-weight: 400;\"> Coup de chapeau \u00e0 cette auberge nich\u00e9e dans les montagnes basques. Prendre son petit-d\u00e9jeuner en pleine nature avec une vue plongeante sur la vall\u00e9e est un souvenir grav\u00e9 \u00e0 jamais.<\/span><\/li><\/ul><p><span style=\"font-weight: 400;\">Et dans l&rsquo;assiette ? Les sp\u00e9cialit\u00e9s locales ne manquent pas (pintxos, g\u00e2teau basque, fromages de brebis&#8230;). Nous avons d\u00e9nich\u00e9 des adresses g\u00e9niales et tr\u00e8s abordables pour agr\u00e9menter ce <\/span><b>s\u00e9jour \u00e0 v\u00e9lo cl\u00e9 en main<\/b><span style=\"font-weight: 400;\">. <\/span><b>La masterclass de ce s\u00e9jour revient au petit restaurant de la bastide d&rsquo;Hastingues<\/b><span style=\"font-weight: 400;\">, avec une mention toute sp\u00e9ciale pour la cheffe, Aur\u00e9lie !<\/span><\/p>\t\t\t\t\t\t\t\t<\/div>\n\t\t\t\t<\/div>\n\t\t\t\t\t<\/div>\n\t\t\t\t<\/div>\n\t\t<div class=\"elementor-element elementor-element-98f188c e-flex e-con-boxed e-con e-parent\" data-id=\"98f188c\" data-element_type=\"container\" data-e-type=\"container\">\n\t\t\t\t\t<div class=\"e-con-inner\">\n\t\t\t\t<div class=\"elementor-element elementor-element-fe417b6 elementor-widget elementor-widget-heading\" data-id=\"fe417b6\" data-element_type=\"widget\" data-e-type=\"widget\" data-widget_type=\"heading.default\">\n\t\t\t\t<div class=\"elementor-widget-container\">\n\t\t\t\t\t<h2 class=\"elementor-heading-title elementor-size-default\">Le bonheur d'un s\u00e9jour \u00e0 v\u00e9lo cl\u00e9 en main<\/h2>\t\t\t\t<\/div>\n\t\t\t\t<\/div>\n\t\t\t\t\t<\/div>\n\t\t\t\t<\/div>\n\t\t<div class=\"elementor-element elementor-element-42247af e-flex e-con-boxed e-con e-parent\" data-id=\"42247af\" data-element_type=\"container\" data-e-type=\"container\">\n\t\t\t\t\t<div class=\"e-con-inner\">\n\t\t\t\t<div class=\"elementor-element elementor-element-d0ab8ec elementor-widget elementor-widget-text-editor\" data-id=\"d0ab8ec\" data-element_type=\"widget\" data-e-type=\"widget\" data-widget_type=\"text-editor.default\">\n\t\t\t\t<div class=\"elementor-widget-container\">\n\t\t\t\t\t\t\t\t\t<p><span style=\"font-weight: 400;\">Le plus gros avantage de ce <\/span><b>s\u00e9jour \u00e0 v\u00e9lo cl\u00e9 en main<\/b><span style=\"font-weight: 400;\"> ? La charge mentale est proche de z\u00e9ro. Nous avions r\u00e9serv\u00e9 tous les logements en amont (exactement comme le service que nous proposons \u00e0 nos clients). Une fois sur la selle, il n&rsquo;y a plus qu&rsquo;\u00e0 se laisser guider.<\/span><\/p><p><span style=\"font-weight: 400;\">Tous nos trac\u00e9s GPS sont \u00e9tudi\u00e9s au millim\u00e8tre pour vous faire sortir des sentiers battus sans jamais vous perdre. Le r\u00e9sultat est fluide, s\u00e9curis\u00e9 et tout simplement magique. D&rsquo;ailleurs, bien que nous proposions le transport de vos affaires d&rsquo;\u00e9tape en \u00e9tape pour vous all\u00e9ger au maximum, nous avons fait le choix de transporter nos propres bagages pour ce test&#8230; et c&rsquo;\u00e9tait \u00e9tonnamment tr\u00e8s simple !<\/span><\/p>\t\t\t\t\t\t\t\t<\/div>\n\t\t\t\t<\/div>\n\t\t\t\t\t<\/div>\n\t\t\t\t<\/div>\n\t\t<div class=\"elementor-element elementor-element-d644dc4 e-flex e-con-boxed e-con e-parent\" data-id=\"d644dc4\" data-element_type=\"container\" data-e-type=\"container\">\n\t\t\t\t\t<div class=\"e-con-inner\">\n\t\t\t\t<div class=\"elementor-element elementor-element-cb0be25 elementor-widget elementor-widget-heading\" data-id=\"cb0be25\" data-element_type=\"widget\" data-e-type=\"widget\" data-widget_type=\"heading.default\">\n\t\t\t\t<div class=\"elementor-widget-container\">\n\t\t\t\t\t<h2 class=\"elementor-heading-title elementor-size-default\">Mes conseils d'expert avant le d\u00e9part<\/h2>\t\t\t\t<\/div>\n\t\t\t\t<\/div>\n\t\t\t\t\t<\/div>\n\t\t\t\t<\/div>\n\t\t<div class=\"elementor-element elementor-element-0a3f4df e-flex e-con-boxed e-con e-parent\" data-id=\"0a3f4df\" data-element_type=\"container\" data-e-type=\"container\">\n\t\t\t\t\t<div class=\"e-con-inner\">\n\t\t\t\t<div class=\"elementor-element elementor-element-f2a8e48 elementor-widget elementor-widget-text-editor\" data-id=\"f2a8e48\" data-element_type=\"widget\" data-e-type=\"widget\" data-widget_type=\"text-editor.default\">\n\t\t\t\t<div class=\"elementor-widget-container\">\n\t\t\t\t\t\t\t\t\t<ul><li style=\"font-weight: 400;\" aria-level=\"1\"><b>Quand partir ?<\/b><span style=\"font-weight: 400;\"> Privil\u00e9giez le printemps (<\/span><b>avril \u00e0 juin<\/b><span style=\"font-weight: 400;\">) ou l&rsquo;arri\u00e8re-saison (<\/span><b>septembre \u00e0 octobre<\/b><span style=\"font-weight: 400;\">). Le climat est doux, ensoleill\u00e9, et les routes sont beaucoup plus calmes qu&rsquo;en plein \u00e9t\u00e9.<\/span><\/li><li><b>Quoi mettre dans ses sacoches ?<\/b><span style=\"font-weight: 400;\"> Comme tout le monde lors d&rsquo;un premier grand voyage, nous avions emmen\u00e9 beaucoup trop d&rsquo;affaires ! Si je ne devais retenir que deux indispensables, ce serait : <\/span><b>un bon cuissard<\/b><span style=\"font-weight: 400;\"> (vos fesses vous diront merci) et <\/span><b>un coupe-vent<\/b><span style=\"font-weight: 400;\"> !<\/span><\/li><\/ul>\t\t\t\t\t\t\t\t<\/div>\n\t\t\t\t<\/div>\n\t\t\t\t\t<\/div>\n\t\t\t\t<\/div>\n\t\t<div class=\"elementor-element elementor-element-3fcd02e e-flex e-con-boxed e-con e-parent\" data-id=\"3fcd02e\" data-element_type=\"container\" data-e-type=\"container\">\n\t\t\t\t\t<div class=\"e-con-inner\">\n\t\t\t\t<div class=\"elementor-element elementor-element-8fec30a elementor-widget elementor-widget-text-editor\" data-id=\"8fec30a\" data-element_type=\"widget\" data-e-type=\"widget\" data-widget_type=\"text-editor.default\">\n\t\t\t\t<div class=\"elementor-widget-container\">\n\t\t\t\t\t\t\t\t\t<p><b>En conclusion ? Foncez !<\/b><span style=\"font-weight: 400;\"> Si vous h\u00e9sitez encore \u00e0 vous lancer dans un <\/span><b>voyage \u00e0 v\u00e9lo dans le Pays Basque<\/b><span style=\"font-weight: 400;\">, n&rsquo;y pensez plus et sautez le pas. Ce p\u00e9riple de 10 jours figure tr\u00e8s largement dans le Top 5 des plus belles exp\u00e9riences de ma vie.<\/span><\/p><p><span style=\"font-weight: 400;\">\ud83d\udc49<\/span><a href=\"https:\/\/www.thefamilybike.fr\/fr\/sejour-velo-cle-en-main\/voyage-velo-10j-pays-basque-scandiberique-velodyssee\"> <b>D\u00e9couvrez notre s\u00e9jour \u00e0 v\u00e9lo cl\u00e9 en main de 10 jours entre Scandib\u00e9rique et V\u00e9lodyss\u00e9e et r\u00e9servez votre prochaine aventure !<\/b><\/a><\/p>\t\t\t\t\t\t\t\t<\/div>\n\t\t\t\t<\/div>\n\t\t\t\t\t<\/div>\n\t\t\t\t<\/div>\n\t\t\t\t<\/div>\n\t\t","protected":false},"excerpt":{"rendered":"<p>Chez The Family Bike, on a une r\u00e8gle d&rsquo;or : on ne vous propose que ce que l&rsquo;on a test\u00e9 et approuv\u00e9 ! Apr\u00e8s une fantastique escapade gourmande de 3 jours dans les Landes avec No\u00e9mie (la cofondatrice de l&rsquo;agence), j&rsquo;ai eu envie de passer \u00e0 la vitesse sup\u00e9rieure.L&rsquo;objectif ? Tester grandeur nature notre futur &hellip; <\/p>\n","protected":false},"author":1,"featured_media":191,"comment_status":"open","ping_status":"open","sticky":false,"template":"","format":"standard","meta":{"om_disable_all_campaigns":false,"_monsterinsights_skip_tracking":false,"_monsterinsights_sitenote_active":false,"_monsterinsights_sitenote_note":"","_monsterinsights_sitenote_category":0,"footnotes":""},"categories":[1],"tags":[],"class_list":["post-183","post","type-post","status-publish","format-standard","has-post-thumbnail","hentry","category-non-classe"],"aioseo_notices":[],"_links":{"self":[{"href":"https:\/\/www.thefamilybike.fr\/blog\/wp-json\/wp\/v2\/posts\/183","targetHints":{"allow":["GET"]}}],"collection":[{"href":"https:\/\/www.thefamilybike.fr\/blog\/wp-json\/wp\/v2\/posts"}],"about":[{"href":"https:\/\/www.thefamilybike.fr\/blog\/wp-json\/wp\/v2\/types\/post"}],"author":[{"embeddable":true,"href":"https:\/\/www.thefamilybike.fr\/blog\/wp-json\/wp\/v2\/users\/1"}],"replies":[{"embeddable":true,"href":"https:\/\/www.thefamilybike.fr\/blog\/wp-json\/wp\/v2\/comments?post=183"}],"version-history":[{"count":7,"href":"https:\/\/www.thefamilybike.fr\/blog\/wp-json\/wp\/v2\/posts\/183\/revisions"}],"predecessor-version":[{"id":190,"href":"https:\/\/www.thefamilybike.fr\/blog\/wp-json\/wp\/v2\/posts\/183\/revisions\/190"}],"wp:featuredmedia":[{"embeddable":true,"href":"https:\/\/www.thefamilybike.fr\/blog\/wp-json\/wp\/v2\/media\/191"}],"wp:attachment":[{"href":"https:\/\/www.thefamilybike.fr\/blog\/wp-json\/wp\/v2\/media?parent=183"}],"wp:term":[{"taxonomy":"category","embeddable":true,"href":"https:\/\/www.thefamilybike.fr\/blog\/wp-json\/wp\/v2\/categories?post=183"},{"taxonomy":"post_tag","embeddable":true,"href":"https:\/\/www.thefamilybike.fr\/blog\/wp-json\/wp\/v2\/tags?post=183"}],"curies":[{"name":"wp","href":"https:\/\/api.w.org\/{rel}","templated":true}]}}